{"id":1478,"date":"2020-06-05T11:00:20","date_gmt":"2020-06-05T09:00:20","guid":{"rendered":"https:\/\/sead-ev.de\/?p=1478"},"modified":"2020-06-05T14:58:25","modified_gmt":"2020-06-05T12:58:25","slug":"racial-inequality","status":"publish","type":"post","link":"https:\/\/sead-ev.de\/en\/racial-inequality","title":{"rendered":"Racial inequality"},"content":{"rendered":"<div data-elementor-type=\"wp-post\" data-elementor-id=\"1478\" class=\"elementor elementor-1478\">\n\t\t\t\t\t\t<section class=\"elementor-section elementor-top-section elementor-element elementor-element-fa3e5ad elementor-section-boxed elementor-section-height-default elementor-section-height-default\" data-id=\"fa3e5ad\" data-element_type=\"section\" data-e-type=\"section\">\n\t\t\t\t\t\t<div class=\"elementor-container elementor-column-gap-default\">\n\t\t\t\t\t<div class=\"elementor-column elementor-col-100 elementor-top-column elementor-element elementor-element-9e8297a\" data-id=\"9e8297a\" data-element_type=\"column\" data-e-type=\"column\">\n\t\t\t<div class=\"elementor-widget-wrap elementor-element-populated\">\n\t\t\t\t\t\t<div class=\"elementor-element elementor-element-1266993 elementor-widget elementor-widget-heading\" data-id=\"1266993\" data-element_type=\"widget\" data-e-type=\"widget\" data-widget_type=\"heading.default\">\n\t\t\t\t<div class=\"elementor-widget-container\">\n\t\t\t\t\t<h2 class=\"elementor-heading-title elementor-size-default\">Our commitment to racial justice<\/h2>\t\t\t\t<\/div>\n\t\t\t\t<\/div>\n\t\t\t\t\t<\/div>\n\t\t<\/div>\n\t\t\t\t\t<\/div>\n\t\t<\/section>\n\t\t\t\t<section class=\"elementor-section elementor-top-section elementor-element elementor-element-9c915ba elementor-section-boxed elementor-section-height-default elementor-section-height-default\" data-id=\"9c915ba\" data-element_type=\"section\" data-e-type=\"section\">\n\t\t\t\t\t\t<div class=\"elementor-container elementor-column-gap-default\">\n\t\t\t\t\t<div class=\"elementor-column elementor-col-100 elementor-top-column elementor-element elementor-element-861a100\" data-id=\"861a100\" data-element_type=\"column\" data-e-type=\"column\">\n\t\t\t<div class=\"elementor-widget-wrap elementor-element-populated\">\n\t\t\t\t\t\t<div class=\"elementor-element elementor-element-9e97312 elementor-widget elementor-widget-image\" data-id=\"9e97312\" data-element_type=\"widget\" data-e-type=\"widget\" data-widget_type=\"image.default\">\n\t\t\t\t<div class=\"elementor-widget-container\">\n\t\t\t\t\t\t\t\t\t\t\t\t\t\t\t<img fetchpriority=\"high\" decoding=\"async\" data-attachment-id=\"1480\" data-permalink=\"https:\/\/sead-ev.de\/en\/racial-inequality\/schwarz-320x240\" data-orig-file=\"https:\/\/sead-ev.de\/wp-content\/uploads\/2020\/06\/schwarz-320x240-1.jpg\" data-orig-size=\"320,240\" data-comments-opened=\"1\" data-image-meta=\"{&quot;aperture&quot;:&quot;0&quot;,&quot;credit&quot;:&quot;&quot;,&quot;camera&quot;:&quot;&quot;,&quot;caption&quot;:&quot;&quot;,&quot;created_timestamp&quot;:&quot;0&quot;,&quot;copyright&quot;:&quot;&quot;,&quot;focal_length&quot;:&quot;0&quot;,&quot;iso&quot;:&quot;0&quot;,&quot;shutter_speed&quot;:&quot;0&quot;,&quot;title&quot;:&quot;&quot;,&quot;orientation&quot;:&quot;0&quot;}\" data-image-title=\"schwarz-320&amp;#215;240\" data-image-description=\"\" data-image-caption=\"\" data-large-file=\"https:\/\/sead-ev.de\/wp-content\/uploads\/2020\/06\/schwarz-320x240-1.jpg\" width=\"320\" height=\"240\" src=\"https:\/\/sead-ev.de\/wp-content\/uploads\/2020\/06\/schwarz-320x240-1.jpg\" class=\"attachment-large size-large wp-image-1480\" alt=\"\" srcset=\"https:\/\/sead-ev.de\/wp-content\/uploads\/2020\/06\/schwarz-320x240-1.jpg 320w, https:\/\/sead-ev.de\/wp-content\/uploads\/2020\/06\/schwarz-320x240-1-300x225.jpg 300w\" sizes=\"(max-width: 767px) 89vw, (max-width: 1000px) 54vw, (max-width: 1071px) 543px, 580px\" \/>\t\t\t\t\t\t\t\t\t\t\t\t\t\t\t<\/div>\n\t\t\t\t<\/div>\n\t\t\t\t\t<\/div>\n\t\t<\/div>\n\t\t\t\t\t<\/div>\n\t\t<\/section>\n\t\t\t\t<section class=\"elementor-section elementor-top-section elementor-element elementor-element-dfb3b86 elementor-section-boxed elementor-section-height-default elementor-section-height-default\" data-id=\"dfb3b86\" data-element_type=\"section\" data-e-type=\"section\">\n\t\t\t\t\t\t<div class=\"elementor-container elementor-column-gap-default\">\n\t\t\t\t\t<div class=\"elementor-column elementor-col-100 elementor-top-column elementor-element elementor-element-733eba6\" data-id=\"733eba6\" data-element_type=\"column\" data-e-type=\"column\">\n\t\t\t<div class=\"elementor-widget-wrap elementor-element-populated\">\n\t\t\t\t\t\t<div class=\"elementor-element elementor-element-bc66b54 elementor-widget elementor-widget-text-editor\" data-id=\"bc66b54\" data-element_type=\"widget\" data-e-type=\"widget\" data-widget_type=\"text-editor.default\">\n\t\t\t\t<div class=\"elementor-widget-container\">\n\t\t\t\t\t\t\t\t\t<p><span id=\"cch_f157e044d200c02\" class=\"_mh6 _wsc\"><span class=\"_3oh- _58nk\">As members of an intercultural organization, we feel it is important to speak out in support of the black lives matter movement and the protests occurring worldwide as a result of racial inequality in the United States. <\/span><\/span><\/p><p><span id=\"cch_f157e044d200c02\" class=\"_mh6 _wsc\"><span class=\"_3oh- _58nk\">Racism isn\u2019t unique to the United States, nor is it a stable, unchanging concept. Race and racism are culturally and historically situated, and while race is a social construct, it has a real effect on the lived experience of those who are racially oppressed. Many see the acts of violence occurring at the hands of police officers to be the primary form of racism that exists (i.e. individual racism). <\/span><\/span><\/p><p><span id=\"cch_f157e044d200c02\" class=\"_mh6 _wsc\"><span class=\"_3oh- _58nk\">However, racism is interwoven into our daily lives through longstanding policies, practices, and ideologies that uphold White values, project White voices, and maintain White power. While many Whites claim to not be racist, they often use color-blind frames to explain racial inequality. For instance, they might explain residential segregation through the belief in individual choice; or they may disagree with affirmative action based on belief in meritocracy. These views relieve Whites from having to accept real structural changes that would result in a reduction of their power and change to the racial status quo.<\/span><\/span><\/p><p><span id=\"cch_f157e044d200c02\" class=\"_mh6 _wsc\"><span class=\"_3oh- _58nk\"> Systemic racism also has an effect on those living at Good Shepherd Home. While several of our White SEAD members have had numerous opportunities to visit Good Shepherd Home over the past six years, during those same years one of our Cameroonian members has faced numerous barriers to obtaining a student visa. This has nothing to do with meritocracy or individual drive. It has to do with racist structures that provide unique freedoms to White people. It has to do with organizations that depict African countries as poor, and children as sickly and starving. It has to do with xenophobia. <\/span><\/span><\/p><p><span id=\"cch_f157e044d200c02\" class=\"_mh6 _wsc\"><span class=\"_3oh- _58nk\">As an organization, we work to think critically about our own positionality, and the power that our White team members hold. We work to ensure equal partnership, meaning the projects we fund stem from the needs of Good Shepherd Home and are not based on Eurocentric values and perspectives. With that said, we are not perfect. We acknowledge that we have made mistakes and will continue to make mistakes. However, we are committed to constant growth through critical reflection, dialogue, actively listening to the Black community, and the principle of ownership.<\/span><\/span><\/p>\t\t\t\t\t\t\t\t<\/div>\n\t\t\t\t<\/div>\n\t\t\t\t\t<\/div>\n\t\t<\/div>\n\t\t\t\t\t<\/div>\n\t\t<\/section>\n\t\t\t\t<\/div>","protected":false},"excerpt":{"rendered":"<p>Our commitment to racial justice As members of an intercultural organization, we feel it is important to speak out in support of the black lives matter movement and the protests occurring worldwide as a result of racial inequality in the United States. Racism isn\u2019t unique to the United States, nor is it a stable, unchanging &hellip; <\/p>\n<p class=\"link-more\"><a href=\"https:\/\/sead-ev.de\/en\/racial-inequality\" class=\"more-link\">Continue reading<span class=\"screen-reader-text\"> &#8222;Racial inequality&#8220;<\/span><\/a><\/p>","protected":false},"author":2,"featured_media":0,"comment_status":"open","ping_status":"open","sticky":false,"template":"","format":"standard","meta":{"jetpack_post_was_ever_published":false,"_jetpack_newsletter_access":"","_jetpack_dont_email_post_to_subs":false,"_jetpack_newsletter_tier_id":0,"_jetpack_memberships_contains_paywalled_content":false,"_jetpack_memberships_contains_paid_content":false,"footnotes":""},"categories":[1],"tags":[],"class_list":["post-1478","post","type-post","status-publish","format-standard","hentry","category-uncategorized"],"yoast_head":"<!-- This site is optimized with the Yoast SEO plugin v27.4 - https:\/\/yoast.com\/product\/yoast-seo-wordpress\/ -->\n<title>Racial inequality - SEAD e.V. - Nachhaltige Entwicklung<\/title>\n<meta name=\"robots\" content=\"index, follow, max-snippet:-1, max-image-preview:large, max-video-preview:-1\" \/>\n<link rel=\"canonical\" href=\"https:\/\/sead-ev.de\/en\/racial-inequality\/\" \/>\n<meta property=\"og:locale\" content=\"en_US\" \/>\n<meta property=\"og:type\" content=\"article\" \/>\n<meta property=\"og:title\" content=\"Racial inequality - SEAD e.V. - Nachhaltige Entwicklung\" \/>\n<meta property=\"og:description\" content=\"Our commitment to racial justice As members of an intercultural organization, we feel it is important to speak out in support of the black lives matter movement and the protests occurring worldwide as a result of racial inequality in the United States. Racism isn\u2019t unique to the United States, nor is it a stable, unchanging &hellip; Continue reading &quot;Racial inequality&quot;\" \/>\n<meta property=\"og:url\" content=\"https:\/\/sead-ev.de\/en\/racial-inequality\/\" \/>\n<meta property=\"og:site_name\" content=\"SEAD e.V. - Nachhaltige Entwicklung\" \/>\n<meta property=\"article:published_time\" content=\"2020-06-05T09:00:20+00:00\" \/>\n<meta property=\"article:modified_time\" content=\"2020-06-05T12:58:25+00:00\" \/>\n<meta property=\"og:image\" content=\"https:\/\/sead-ev.de\/wp-content\/uploads\/2020\/06\/schwarz-320x240-1.jpg\" \/>\n<meta name=\"author\" content=\"Larissa Mayer\" \/>\n<meta name=\"twitter:card\" content=\"summary_large_image\" \/>\n<meta name=\"twitter:label1\" content=\"Written by\" \/>\n\t<meta name=\"twitter:data1\" content=\"Larissa Mayer\" \/>\n\t<meta name=\"twitter:label2\" content=\"Est. reading time\" \/>\n\t<meta name=\"twitter:data2\" content=\"2 minutes\" \/>\n<script type=\"application\/ld+json\" class=\"yoast-schema-graph\">{\"@context\":\"https:\\\/\\\/schema.org\",\"@graph\":[{\"@type\":\"Article\",\"@id\":\"https:\\\/\\\/sead-ev.de\\\/racial-inequality#article\",\"isPartOf\":{\"@id\":\"https:\\\/\\\/sead-ev.de\\\/racial-inequality\"},\"author\":{\"name\":\"Larissa Mayer\",\"@id\":\"https:\\\/\\\/sead-ev.de\\\/#\\\/schema\\\/person\\\/937cf9ef6c2ca151c910eddaeda583c6\"},\"headline\":\"Racial inequality\",\"datePublished\":\"2020-06-05T09:00:20+00:00\",\"dateModified\":\"2020-06-05T12:58:25+00:00\",\"mainEntityOfPage\":{\"@id\":\"https:\\\/\\\/sead-ev.de\\\/racial-inequality\"},\"wordCount\":400,\"commentCount\":0,\"publisher\":{\"@id\":\"https:\\\/\\\/sead-ev.de\\\/#organization\"},\"image\":{\"@id\":\"https:\\\/\\\/sead-ev.de\\\/racial-inequality#primaryimage\"},\"thumbnailUrl\":\"https:\\\/\\\/sead-ev.de\\\/wp-content\\\/uploads\\\/2020\\\/06\\\/schwarz-320x240-1.jpg\",\"inLanguage\":\"en-US\",\"potentialAction\":[{\"@type\":\"CommentAction\",\"name\":\"Comment\",\"target\":[\"https:\\\/\\\/sead-ev.de\\\/racial-inequality#respond\"]}]},{\"@type\":\"WebPage\",\"@id\":\"https:\\\/\\\/sead-ev.de\\\/racial-inequality\",\"url\":\"https:\\\/\\\/sead-ev.de\\\/racial-inequality\",\"name\":\"Racial inequality - SEAD e.V. - Nachhaltige Entwicklung\",\"isPartOf\":{\"@id\":\"https:\\\/\\\/sead-ev.de\\\/#website\"},\"primaryImageOfPage\":{\"@id\":\"https:\\\/\\\/sead-ev.de\\\/racial-inequality#primaryimage\"},\"image\":{\"@id\":\"https:\\\/\\\/sead-ev.de\\\/racial-inequality#primaryimage\"},\"thumbnailUrl\":\"https:\\\/\\\/sead-ev.de\\\/wp-content\\\/uploads\\\/2020\\\/06\\\/schwarz-320x240-1.jpg\",\"datePublished\":\"2020-06-05T09:00:20+00:00\",\"dateModified\":\"2020-06-05T12:58:25+00:00\",\"breadcrumb\":{\"@id\":\"https:\\\/\\\/sead-ev.de\\\/racial-inequality#breadcrumb\"},\"inLanguage\":\"en-US\",\"potentialAction\":[{\"@type\":\"ReadAction\",\"target\":[\"https:\\\/\\\/sead-ev.de\\\/racial-inequality\"]}]},{\"@type\":\"ImageObject\",\"inLanguage\":\"en-US\",\"@id\":\"https:\\\/\\\/sead-ev.de\\\/racial-inequality#primaryimage\",\"url\":\"https:\\\/\\\/sead-ev.de\\\/wp-content\\\/uploads\\\/2020\\\/06\\\/schwarz-320x240-1.jpg\",\"contentUrl\":\"https:\\\/\\\/sead-ev.de\\\/wp-content\\\/uploads\\\/2020\\\/06\\\/schwarz-320x240-1.jpg\"},{\"@type\":\"BreadcrumbList\",\"@id\":\"https:\\\/\\\/sead-ev.de\\\/racial-inequality#breadcrumb\",\"itemListElement\":[{\"@type\":\"ListItem\",\"position\":1,\"name\":\"Startseite\",\"item\":\"https:\\\/\\\/sead-ev.de\\\/\"},{\"@type\":\"ListItem\",\"position\":2,\"name\":\"Racial inequality\"}]},{\"@type\":\"WebSite\",\"@id\":\"https:\\\/\\\/sead-ev.de\\\/#website\",\"url\":\"https:\\\/\\\/sead-ev.de\\\/\",\"name\":\"SEAD e.V - Entwicklungshilfe Kamerun\",\"description\":\"Sustainability - Education - Agriculture - Development\",\"publisher\":{\"@id\":\"https:\\\/\\\/sead-ev.de\\\/#organization\"},\"potentialAction\":[{\"@type\":\"SearchAction\",\"target\":{\"@type\":\"EntryPoint\",\"urlTemplate\":\"https:\\\/\\\/sead-ev.de\\\/?s={search_term_string}\"},\"query-input\":{\"@type\":\"PropertyValueSpecification\",\"valueRequired\":true,\"valueName\":\"search_term_string\"}}],\"inLanguage\":\"en-US\"},{\"@type\":\"Organization\",\"@id\":\"https:\\\/\\\/sead-ev.de\\\/#organization\",\"name\":\"sead e.V\",\"url\":\"https:\\\/\\\/sead-ev.de\\\/\",\"logo\":{\"@type\":\"ImageObject\",\"inLanguage\":\"en-US\",\"@id\":\"https:\\\/\\\/sead-ev.de\\\/#\\\/schema\\\/logo\\\/image\\\/\",\"url\":\"https:\\\/\\\/sead-ev.de\\\/wp-content\\\/uploads\\\/2019\\\/03\\\/cropped-SEAD_Logo-05-3.png\",\"contentUrl\":\"https:\\\/\\\/sead-ev.de\\\/wp-content\\\/uploads\\\/2019\\\/03\\\/cropped-SEAD_Logo-05-3.png\",\"width\":250,\"height\":250,\"caption\":\"sead e.V\"},\"image\":{\"@id\":\"https:\\\/\\\/sead-ev.de\\\/#\\\/schema\\\/logo\\\/image\\\/\"},\"sameAs\":[\"https:\\\/\\\/www.instagram.com\\\/sead_e.v\\\/\"]},{\"@type\":\"Person\",\"@id\":\"https:\\\/\\\/sead-ev.de\\\/#\\\/schema\\\/person\\\/937cf9ef6c2ca151c910eddaeda583c6\",\"name\":\"Larissa Mayer\",\"image\":{\"@type\":\"ImageObject\",\"inLanguage\":\"en-US\",\"@id\":\"https:\\\/\\\/secure.gravatar.com\\\/avatar\\\/9d071d3c6c63b49d304baea05e1725f0c5a3ebe241764749db25c35941147677?s=96&d=mm&r=g\",\"url\":\"https:\\\/\\\/secure.gravatar.com\\\/avatar\\\/9d071d3c6c63b49d304baea05e1725f0c5a3ebe241764749db25c35941147677?s=96&d=mm&r=g\",\"contentUrl\":\"https:\\\/\\\/secure.gravatar.com\\\/avatar\\\/9d071d3c6c63b49d304baea05e1725f0c5a3ebe241764749db25c35941147677?s=96&d=mm&r=g\",\"caption\":\"Larissa Mayer\"},\"url\":\"https:\\\/\\\/sead-ev.de\\\/en\\\/author\\\/larissa\"}]}<\/script>\n<!-- \/ Yoast SEO plugin. -->","yoast_head_json":{"title":"Racial inequality - SEAD e.V. - Nachhaltige Entwicklung","robots":{"index":"index","follow":"follow","max-snippet":"max-snippet:-1","max-image-preview":"max-image-preview:large","max-video-preview":"max-video-preview:-1"},"canonical":"https:\/\/sead-ev.de\/en\/racial-inequality\/","og_locale":"en_US","og_type":"article","og_title":"Racial inequality - SEAD e.V. - Nachhaltige Entwicklung","og_description":"Our commitment to racial justice As members of an intercultural organization, we feel it is important to speak out in support of the black lives matter movement and the protests occurring worldwide as a result of racial inequality in the United States. Racism isn\u2019t unique to the United States, nor is it a stable, unchanging &hellip; Continue reading \"Racial inequality\"","og_url":"https:\/\/sead-ev.de\/en\/racial-inequality\/","og_site_name":"SEAD e.V. - Nachhaltige Entwicklung","article_published_time":"2020-06-05T09:00:20+00:00","article_modified_time":"2020-06-05T12:58:25+00:00","og_image":[{"url":"https:\/\/sead-ev.de\/wp-content\/uploads\/2020\/06\/schwarz-320x240-1.jpg","type":"","width":"","height":""}],"author":"Larissa Mayer","twitter_card":"summary_large_image","twitter_misc":{"Written by":"Larissa Mayer","Est. reading time":"2 minutes"},"schema":{"@context":"https:\/\/schema.org","@graph":[{"@type":"Article","@id":"https:\/\/sead-ev.de\/racial-inequality#article","isPartOf":{"@id":"https:\/\/sead-ev.de\/racial-inequality"},"author":{"name":"Larissa Mayer","@id":"https:\/\/sead-ev.de\/#\/schema\/person\/937cf9ef6c2ca151c910eddaeda583c6"},"headline":"Racial inequality","datePublished":"2020-06-05T09:00:20+00:00","dateModified":"2020-06-05T12:58:25+00:00","mainEntityOfPage":{"@id":"https:\/\/sead-ev.de\/racial-inequality"},"wordCount":400,"commentCount":0,"publisher":{"@id":"https:\/\/sead-ev.de\/#organization"},"image":{"@id":"https:\/\/sead-ev.de\/racial-inequality#primaryimage"},"thumbnailUrl":"https:\/\/sead-ev.de\/wp-content\/uploads\/2020\/06\/schwarz-320x240-1.jpg","inLanguage":"en-US","potentialAction":[{"@type":"CommentAction","name":"Comment","target":["https:\/\/sead-ev.de\/racial-inequality#respond"]}]},{"@type":"WebPage","@id":"https:\/\/sead-ev.de\/racial-inequality","url":"https:\/\/sead-ev.de\/racial-inequality","name":"Racial inequality - SEAD e.V. - Nachhaltige Entwicklung","isPartOf":{"@id":"https:\/\/sead-ev.de\/#website"},"primaryImageOfPage":{"@id":"https:\/\/sead-ev.de\/racial-inequality#primaryimage"},"image":{"@id":"https:\/\/sead-ev.de\/racial-inequality#primaryimage"},"thumbnailUrl":"https:\/\/sead-ev.de\/wp-content\/uploads\/2020\/06\/schwarz-320x240-1.jpg","datePublished":"2020-06-05T09:00:20+00:00","dateModified":"2020-06-05T12:58:25+00:00","breadcrumb":{"@id":"https:\/\/sead-ev.de\/racial-inequality#breadcrumb"},"inLanguage":"en-US","potentialAction":[{"@type":"ReadAction","target":["https:\/\/sead-ev.de\/racial-inequality"]}]},{"@type":"ImageObject","inLanguage":"en-US","@id":"https:\/\/sead-ev.de\/racial-inequality#primaryimage","url":"https:\/\/sead-ev.de\/wp-content\/uploads\/2020\/06\/schwarz-320x240-1.jpg","contentUrl":"https:\/\/sead-ev.de\/wp-content\/uploads\/2020\/06\/schwarz-320x240-1.jpg"},{"@type":"BreadcrumbList","@id":"https:\/\/sead-ev.de\/racial-inequality#breadcrumb","itemListElement":[{"@type":"ListItem","position":1,"name":"Startseite","item":"https:\/\/sead-ev.de\/"},{"@type":"ListItem","position":2,"name":"Racial inequality"}]},{"@type":"WebSite","@id":"https:\/\/sead-ev.de\/#website","url":"https:\/\/sead-ev.de\/","name":"SEAD e.V - Entwicklungshilfe Kamerun","description":"Sustainability - Education - Agriculture - Development","publisher":{"@id":"https:\/\/sead-ev.de\/#organization"},"potentialAction":[{"@type":"SearchAction","target":{"@type":"EntryPoint","urlTemplate":"https:\/\/sead-ev.de\/?s={search_term_string}"},"query-input":{"@type":"PropertyValueSpecification","valueRequired":true,"valueName":"search_term_string"}}],"inLanguage":"en-US"},{"@type":"Organization","@id":"https:\/\/sead-ev.de\/#organization","name":"sead e.V","url":"https:\/\/sead-ev.de\/","logo":{"@type":"ImageObject","inLanguage":"en-US","@id":"https:\/\/sead-ev.de\/#\/schema\/logo\/image\/","url":"https:\/\/sead-ev.de\/wp-content\/uploads\/2019\/03\/cropped-SEAD_Logo-05-3.png","contentUrl":"https:\/\/sead-ev.de\/wp-content\/uploads\/2019\/03\/cropped-SEAD_Logo-05-3.png","width":250,"height":250,"caption":"sead e.V"},"image":{"@id":"https:\/\/sead-ev.de\/#\/schema\/logo\/image\/"},"sameAs":["https:\/\/www.instagram.com\/sead_e.v\/"]},{"@type":"Person","@id":"https:\/\/sead-ev.de\/#\/schema\/person\/937cf9ef6c2ca151c910eddaeda583c6","name":"Larissa Mayer","image":{"@type":"ImageObject","inLanguage":"en-US","@id":"https:\/\/secure.gravatar.com\/avatar\/9d071d3c6c63b49d304baea05e1725f0c5a3ebe241764749db25c35941147677?s=96&d=mm&r=g","url":"https:\/\/secure.gravatar.com\/avatar\/9d071d3c6c63b49d304baea05e1725f0c5a3ebe241764749db25c35941147677?s=96&d=mm&r=g","contentUrl":"https:\/\/secure.gravatar.com\/avatar\/9d071d3c6c63b49d304baea05e1725f0c5a3ebe241764749db25c35941147677?s=96&d=mm&r=g","caption":"Larissa Mayer"},"url":"https:\/\/sead-ev.de\/en\/author\/larissa"}]}},"jetpack_featured_media_url":"","jetpack_shortlink":"https:\/\/wp.me\/paxqgZ-nQ","jetpack-related-posts":[{"id":1427,"url":"https:\/\/sead-ev.de\/en\/elementor-1427","url_meta":{"origin":1478,"position":0},"title":"The process of learning at Good Shepherd Home","author":"Larissa Mayer","date":"19. January 2020","format":false,"excerpt":"The process of learning at Good Shepherd Home Report from Heidi Katz In 2014 I traveled to Cameroon for the first time to spend six months at Good Shepherd Home. Cameroon wasn\u2019t a country I had heard much about prior to contacting them and requesting to visit. This meant I\u2026","rel":"","context":"Similar post","block_context":{"text":"Similar post","link":""},"img":{"alt_text":"","src":"https:\/\/i0.wp.com\/sead-ev.de\/wp-content\/uploads\/2020\/01\/83506897_846258879139317_7648531336138850304_n-1024x773.jpg?resize=350%2C200&ssl=1","width":350,"height":200,"srcset":"https:\/\/i0.wp.com\/sead-ev.de\/wp-content\/uploads\/2020\/01\/83506897_846258879139317_7648531336138850304_n-1024x773.jpg?resize=350%2C200&ssl=1 1x, https:\/\/i0.wp.com\/sead-ev.de\/wp-content\/uploads\/2020\/01\/83506897_846258879139317_7648531336138850304_n-1024x773.jpg?resize=525%2C300&ssl=1 1.5x"},"classes":[]},{"id":1269,"url":"https:\/\/sead-ev.de\/en\/elementor-1269","url_meta":{"origin":1478,"position":1},"title":"Experience Heidi Katz","author":"Larissa Mayer","date":"26. December 2015","format":false,"excerpt":"Experience from Heidi Katz Our culture seems to emphasize a race to the top. People want to be the best, whether it\u2019s having the best job, the most successful children, or the newest gadgets. If you aren\u2019t keeping up to date with all the changes, then you are quickly left\u2026","rel":"","context":"Similar post","block_context":{"text":"Similar post","link":""},"img":{"alt_text":"Experience Heidi","src":"https:\/\/i0.wp.com\/sead-ev.de\/wp-content\/uploads\/2015\/12\/IMG_2345-200x300.jpg?resize=350%2C200&ssl=1","width":350,"height":200},"classes":[]},{"id":1275,"url":"https:\/\/sead-ev.de\/en\/elementor-1275","url_meta":{"origin":1478,"position":2},"title":"Heidi\u00b4s Blog","author":"Larissa Mayer","date":"19. February 2017","format":false,"excerpt":"Heidis Blog Unser Vereinsmitglied, Heidi Katz, aus den USA hat vor f\u00fcnf Jahren eine l\u00e4ngere Zeit im Good Shepherd Home verbracht. Mittlerweile war sie schon wieder 2 mal dort. Checkt ihren Blog f\u00fcr kleine, sch\u00f6ne und traurige Geschichten aus dem Alltag im Good Shepherd Home:) https:\/\/medium.com\/hkaukokaipuu-living-in-finland\/warm-fuzzies-d2b5ebda998e","rel":"","context":"Similar post","block_context":{"text":"Similar post","link":""},"img":{"alt_text":"","src":"","width":0,"height":0},"classes":[]}],"jetpack_sharing_enabled":true,"_links":{"self":[{"href":"https:\/\/sead-ev.de\/en\/wp-json\/wp\/v2\/posts\/1478","targetHints":{"allow":["GET"]}}],"collection":[{"href":"https:\/\/sead-ev.de\/en\/wp-json\/wp\/v2\/posts"}],"about":[{"href":"https:\/\/sead-ev.de\/en\/wp-json\/wp\/v2\/types\/post"}],"author":[{"embeddable":true,"href":"https:\/\/sead-ev.de\/en\/wp-json\/wp\/v2\/users\/2"}],"replies":[{"embeddable":true,"href":"https:\/\/sead-ev.de\/en\/wp-json\/wp\/v2\/comments?post=1478"}],"version-history":[{"count":5,"href":"https:\/\/sead-ev.de\/en\/wp-json\/wp\/v2\/posts\/1478\/revisions"}],"predecessor-version":[{"id":1484,"href":"https:\/\/sead-ev.de\/en\/wp-json\/wp\/v2\/posts\/1478\/revisions\/1484"}],"wp:attachment":[{"href":"https:\/\/sead-ev.de\/en\/wp-json\/wp\/v2\/media?parent=1478"}],"wp:term":[{"taxonomy":"category","embeddable":true,"href":"https:\/\/sead-ev.de\/en\/wp-json\/wp\/v2\/categories?post=1478"},{"taxonomy":"post_tag","embeddable":true,"href":"https:\/\/sead-ev.de\/en\/wp-json\/wp\/v2\/tags?post=1478"}],"curies":[{"name":"wp","href":"https:\/\/api.w.org\/{rel}","templated":true}]}}